{"id":15674,"date":"2025-09-16T12:35:38","date_gmt":"2025-09-16T12:35:38","guid":{"rendered":"https:\/\/www.gofoexpress.fr\/de-la-rentree-scolaire-aux-french-days-strategies-du-dernier-kilometre-pour-assurer-le-succes-du-commerce-electronique\/"},"modified":"2025-11-20T14:18:56","modified_gmt":"2025-11-20T14:18:56","slug":"la-rentree-french-days-strategies-livraison","status":"publish","type":"post","link":"https:\/\/www.gofo.com\/fr\/la-rentree-french-days-strategies-livraison\/","title":{"rendered":"De la rentr\u00e9e aux French Days : strat\u00e9gies du dernier kilom\u00e8tre pour booster le e-commerce"},"content":{"rendered":"\t\t<div data-elementor-type=\"wp-post\" data-elementor-id=\"15674\" class=\"elementor elementor-15674 elementor-10280\" data-elementor-post-type=\"post\">\n\t\t\t\t<div class=\"elementor-element elementor-element-21fb75c9 e-flex e-con-boxed e-con e-parent\" data-id=\"21fb75c9\" data-element_type=\"container\" data-e-type=\"container\">\n\t\t\t\t\t<div class=\"e-con-inner\">\n\t\t\t\t<div class=\"elementor-element elementor-element-955b9e2 elementor-widget elementor-widget-heading\" data-id=\"955b9e2\" data-element_type=\"widget\" data-e-type=\"widget\" data-widget_type=\"heading.default\">\n\t\t\t\t\t<h1 class=\"elementor-heading-title elementor-size-default\">De la Rentr\u00e9e aux French Days 2025 : une p\u00e9riode cl\u00e9 pour le e-commerce en France<\/h1>\t\t\t\t<\/div>\n\t\t\t\t<div class=\"elementor-element elementor-element-29c44ef elementor-widget elementor-widget-text-editor\" data-id=\"29c44ef\" data-element_type=\"widget\" data-e-type=\"widget\" data-widget_type=\"text-editor.default\">\n\t\t\t\t\t\t\t\t\t<div data-page-id=\"FuModKdjZozW8OxcvjFcZBMynqe\" data-lark-html-role=\"root\" data-docx-has-block-data=\"false\"><div class=\"ace-line ace-line old-record-id-NJ5KduGZdoccSgxk7Bqcstshnhd\"><div data-page-id=\"Qr6wdlwoIoAcx6xXfhacqbjbnBb\" data-lark-html-role=\"root\" data-docx-has-block-data=\"false\"><div class=\"ace-line ace-line old-record-id-PNlNdVSQUog55ixrQIDc3Quuntf\">En septembre, la Rentr\u00e9e marque la transition entre les vacances d\u2019\u00e9t\u00e9 et les achats de rentr\u00e9e, rapidement suivie des French Days (24\u201330 septembre), l\u2019un des plus grands \u00e9v\u00e9nements de ventes en ligne en France. Durant cette p\u00e9riode, les enseignes proposent des remises exceptionnelles et intensifient leurs campagnes promotionnelles. Cette courte fen\u00eatre strat\u00e9gique donne le ton des performances du quatri\u00e8me trimestre, mettant \u00e0 l\u2019\u00e9preuve la capacit\u00e9 des retailers \u00e0 offrir rapidit\u00e9, flexibilit\u00e9 et fiabilit\u00e9 \u00e0 grande \u00e9chelle.<\/div><div>\u00a0<\/div><div class=\"ace-line ace-line old-record-id-PNlNdVSQUog55ixrQIDc3Quuntf\">Dans cet article, nous analyserons les principales tendances de consommation, les donn\u00e9es de d\u00e9penses, et l\u2019importance d\u2019une strat\u00e9gie du dernier kilom\u00e8tre efficace pour r\u00e9ussir les French Days et pr\u00e9parer la saison des f\u00eates.<\/div><\/div><\/div><\/div>\t\t\t\t\t\t\t\t<\/div>\n\t\t\t\t<div class=\"elementor-element elementor-element-8dd383b elementor-widget elementor-widget-image\" data-id=\"8dd383b\" data-element_type=\"widget\" data-e-type=\"widget\" data-widget_type=\"image.default\">\n\t\t\t\t\t\t\t\t\t\t\t\t\t\t\t<img fetchpriority=\"high\" decoding=\"async\" width=\"800\" height=\"450\" src=\"https:\/\/www.gofo.com\/fr\/wp-content\/uploads\/2025\/09\/FR_From-Back-to-school-to-French-Days-2025.png\" class=\"attachment-large size-large wp-image-15682\" alt=\"De la rentr\u00e9e aux French Days 2025 : Tendances d\u2019achat des Fran\u00e7ais\" srcset=\"https:\/\/www.gofo.com\/fr\/wp-content\/uploads\/2025\/09\/FR_From-Back-to-school-to-French-Days-2025.png 1024w, https:\/\/www.gofo.com\/fr\/wp-content\/uploads\/2025\/09\/FR_From-Back-to-school-to-French-Days-2025-300x169.png 300w, https:\/\/www.gofo.com\/fr\/wp-content\/uploads\/2025\/09\/FR_From-Back-to-school-to-French-Days-2025-768x432.png 768w\" sizes=\"(max-width: 800px) 100vw, 800px\" \/>\t\t\t\t\t\t\t\t\t\t\t\t\t\t\t<\/div>\n\t\t\t\t<div class=\"elementor-element elementor-element-3cad1fc elementor-widget elementor-widget-heading\" data-id=\"3cad1fc\" data-element_type=\"widget\" data-e-type=\"widget\" data-widget_type=\"heading.default\">\n\t\t\t\t\t<h2 class=\"elementor-heading-title elementor-size-default\">La Rentr\u00e9e 2025 en France : tendances cl\u00e9s en un coup d\u2019\u0153il<\/h2>\t\t\t\t<\/div>\n\t\t\t\t<div class=\"elementor-element elementor-element-393660d elementor-widget elementor-widget-text-editor\" data-id=\"393660d\" data-element_type=\"widget\" data-e-type=\"widget\" data-widget_type=\"text-editor.default\">\n\t\t\t\t\t\t\t\t\t<div data-page-id=\"FuModKdjZozW8OxcvjFcZBMynqe\" data-lark-html-role=\"root\" data-docx-has-block-data=\"false\"><div class=\"ace-line ace-line old-record-id-MXi5diWFKoR1gLxlcNlcGjfin6b\"><div data-page-id=\"Qr6wdlwoIoAcx6xXfhacqbjbnBb\" data-lark-html-role=\"root\" data-docx-has-block-data=\"false\"><div class=\"ace-line ace-line old-record-id-I7lXdYA2soT02zx8Db1cv90hnoc\">En 2025, les d\u00e9penses de rentr\u00e9e en France ont atteint <a href=\"https:\/\/adsofbrands.net\/en\/news\/back-to-school-2025-superawesome-finds-kids-now-drive-global-spending-and-choices\/8173#:~:text=Spending%20has%20increased%20and%20is,more%20targeted\" data-lark-is-custom=\"true\" target=\"_blank\" rel=\"noopener\">323 \u20ac<\/a> par famille, soit une hausse de 20 % par rapport \u00e0 2024. Les achats ont d\u00e9but\u00e9 d\u00e8s le d\u00e9but de l\u2019\u00e9t\u00e9, ont culmin\u00e9 \u00e0 la mi-fin ao\u00fbt, et <a href=\"https:\/\/adsofbrands.net\/en\/news\/back-to-school-2025-superawesome-finds-kids-now-drive-global-spending-and-choices\/8173#:~:text=Back,long%20season\" data-lark-is-custom=\"true\" target=\"_blank\" rel=\"noopener\">85 %<\/a> des familles avaient termin\u00e9 leurs emplettes avant septembre. L\u2019inflation a incit\u00e9 les consommateurs \u00e0 rechercher des \u00e9conomies : <a href=\"https:\/\/www.envie.org\/nos-actualites\/actualites\/sondage-envie-achat-reconditionne-rentree-2024\/#:~:text=,personnes%20aux%C2%A0revenus%20les%20plus%20faibles\" data-lark-is-custom=\"true\" target=\"_blank\" rel=\"noopener\">66 %<\/a> ont privil\u00e9gi\u00e9 des articles d\u2019occasion ou reconditionn\u00e9s, ainsi que les promotions et les marques de distributeur.<\/div><\/div><\/div><\/div>\t\t\t\t\t\t\t\t<\/div>\n\t\t\t\t<div class=\"elementor-element elementor-element-2315ac8 elementor-widget elementor-widget-heading\" data-id=\"2315ac8\" data-element_type=\"widget\" data-e-type=\"widget\" data-widget_type=\"heading.default\">\n\t\t\t\t\t<h2 class=\"elementor-heading-title elementor-size-default\">Qu\u2019attendent les consommateurs fran\u00e7ais des French Days 2025 ?<\/h2>\t\t\t\t<\/div>\n\t\t\t\t<div class=\"elementor-element elementor-element-b88514b elementor-widget elementor-widget-text-editor\" data-id=\"b88514b\" data-element_type=\"widget\" data-e-type=\"widget\" data-widget_type=\"text-editor.default\">\n\t\t\t\t\t\t\t\t\t<div data-page-id=\"FuModKdjZozW8OxcvjFcZBMynqe\" data-lark-html-role=\"root\" data-docx-has-block-data=\"false\"><div class=\"ace-line ace-line old-record-id-KeyMdYUMuonGPNxAruZcOWRDnQe\"><div data-page-id=\"Qr6wdlwoIoAcx6xXfhacqbjbnBb\" data-lark-html-role=\"root\" data-docx-has-block-data=\"false\"><div class=\"ace-line ace-line old-record-id-Uh1CdCMhdozO1CxronLciytMn0e\">Les French Days sont devenus un \u00e9v\u00e9nement majeur du shopping en ligne : <a href=\"https:\/\/www.fevad.com\/edition-2024-des-chiffres-cles-du-e-commerce-la-fevad-publie-son-rapport-annuel-sur-letat-du-marche\/\" data-lark-is-custom=\"true\" target=\"_blank\" rel=\"noopener\">72 % <\/a>des consommateurs fran\u00e7ais ont effectu\u00e9 au moins un achat en ligne lors de l\u2019\u00e9dition 2024. Que peuvent attendre les retailers des French Days d\u2019automne ?<\/div><\/div><\/div><\/div>\t\t\t\t\t\t\t\t<\/div>\n\t\t\t\t<div class=\"elementor-element elementor-element-2c81c2f elementor-widget elementor-widget-heading\" data-id=\"2c81c2f\" data-element_type=\"widget\" data-e-type=\"widget\" data-widget_type=\"heading.default\">\n\t\t\t\t\t<h3 class=\"elementor-heading-title elementor-size-default\">Focus sur les cat\u00e9gories \u00e0 forte valeur<\/h3>\t\t\t\t<\/div>\n\t\t\t\t<div class=\"elementor-element elementor-element-6dd6a22 elementor-widget elementor-widget-text-editor\" data-id=\"6dd6a22\" data-element_type=\"widget\" data-e-type=\"widget\" data-widget_type=\"text-editor.default\">\n\t\t\t\t\t\t\t\t\t<div data-page-id=\"FuModKdjZozW8OxcvjFcZBMynqe\" data-lark-html-role=\"root\" data-docx-has-block-data=\"false\">\n<div data-page-id=\"Qr6wdlwoIoAcx6xXfhacqbjbnBb\" data-lark-html-role=\"root\" data-docx-has-block-data=\"false\">\n<div class=\"ace-line ace-line old-record-id-FPgZdSILBobMJaxJlClcVMqDnEd\">Les consommateurs anticipent leurs <a href=\"https:\/\/www.bfmtv.com\/tech\/bons-plans\/french-days-2024-dates-meilleures-promotions-conseils-offres-tout-savoir-sur-l-evenement_AA-202409200569.html#:~:text=Les%20French%20Days%20du%20printemps%2C,un%20robot%20de%20cuisine%2C%20les\" data-lark-is-custom=\"true\" target=\"_blank\" rel=\"noopener\">achats importants et saisonniers<\/a> :<\/div>\n<ul class=\"list-bullet1\">\n \t<br><li class=\"ace-line ace-line old-record-id-EPrhdssO1oZ6PXxebRFct6LonWg\" data-list=\"bullet\">\n<div>\u00c9lectronique, \u00e9lectrom\u00e9nager et high-tech restent des priorit\u00e9s.<\/div><\/li><\/br>\n \t<li class=\"ace-line ace-line old-record-id-VThEd1jWhoJUIrxlELhcVilXnEg\" data-list=\"bullet\">\n<div>Mode et d\u00e9coration\/meubles enregistrent une forte reprise des ventes.<\/div><\/li>\n \t<br><li class=\"ace-line ace-line old-record-id-JZAsdoIysoVgKkxRz6LcZ0KSnPf\" data-list=\"bullet\">\n<div>Plac\u00e9s entre les soldes traditionnels, les French Days deviennent un moment strat\u00e9gique pour les achats majeurs.<\/div><\/li>\n<\/ul>\n<\/div>\n<\/div>\t\t\t\t\t\t\t\t<\/div>\n\t\t\t\t<div class=\"elementor-element elementor-element-c0e4c36 elementor-widget elementor-widget-heading\" data-id=\"c0e4c36\" data-element_type=\"widget\" data-e-type=\"widget\" data-widget_type=\"heading.default\">\n\t\t\t\t\t<h3 class=\"elementor-heading-title elementor-size-default\">Pr\u00e9f\u00e9rences d'achat<\/h3>\t\t\t\t<\/div>\n\t\t\t\t<div class=\"elementor-element elementor-element-65b8ce3 elementor-widget elementor-widget-text-editor\" data-id=\"65b8ce3\" data-element_type=\"widget\" data-e-type=\"widget\" data-widget_type=\"text-editor.default\">\n\t\t\t\t\t\t\t\t\t<div data-page-id=\"FuModKdjZozW8OxcvjFcZBMynqe\" data-lark-html-role=\"root\" data-docx-has-block-data=\"false\"><div class=\"ace-line ace-line old-record-id-IezDdFFi5ot47KxiF0nc5A2sn2e\"><div data-page-id=\"Qr6wdlwoIoAcx6xXfhacqbjbnBb\" data-lark-html-role=\"root\" data-docx-has-block-data=\"false\"><div class=\"ace-line ace-line old-record-id-IQAWd2DO5oRzOxxApPocNkTYnIg\">Les acheteurs des French Days sont attentifs aux prix, connect\u00e9s sur mobile et attach\u00e9s aux enseignes locales. Ils recherchent activement des remises importantes, privil\u00e9gient les achats sur smartphone et optent pour des marques fran\u00e7aises. Pr\u00e8s de <a href=\"https:\/\/www.fevad.com\/edition-2024-des-chiffres-cles-du-e-commerce-la-fevad-publie-son-rapport-annuel-sur-letat-du-marche\/\" data-lark-is-custom=\"true\" target=\"_blank\" rel=\"noopener\">60 %<\/a> des e-acheteurs fran\u00e7ais estiment qu\u2019il est important qu\u2019un produit soit vendu par un retailer fran\u00e7ais.<\/div><\/div><\/div><\/div>\t\t\t\t\t\t\t\t<\/div>\n\t\t\t\t<div class=\"elementor-element elementor-element-a89d5c9 elementor-widget elementor-widget-heading\" data-id=\"a89d5c9\" data-element_type=\"widget\" data-e-type=\"widget\" data-widget_type=\"heading.default\">\n\t\t\t\t\t<h3 class=\"elementor-heading-title elementor-size-default\">Options de livraison et flexibilit\u00e9<\/h3>\t\t\t\t<\/div>\n\t\t\t\t<div class=\"elementor-element elementor-element-889d92f elementor-widget elementor-widget-text-editor\" data-id=\"889d92f\" data-element_type=\"widget\" data-e-type=\"widget\" data-widget_type=\"text-editor.default\">\n\t\t\t\t\t\t\t\t\t<div data-page-id=\"Qr6wdlwoIoAcx6xXfhacqbjbnBb\" data-lark-html-role=\"root\" data-docx-has-block-data=\"false\">\n<ul class=\"list-bullet1\">\n \t<li class=\"ace-line ace-line old-record-id-Yt1FdaQveoJmQyxCLE3cInmqnmf\" data-list=\"bullet\">\n<div>La France se distingue par l\u2019usage massif du \u201cClick &amp; Collect\u201d et des points relais. Aujourd\u2019hui, <a href=\"https:\/\/www.fevad.com\/edition-2024-des-chiffres-cles-du-e-commerce-la-fevad-publie-son-rapport-annuel-sur-letat-du-marche\/\" data-lark-is-custom=\"true\" target=\"_blank\" rel=\"noopener\">46 %<\/a> des consommateurs utilisent la livraison hors domicile, comme les consignes ou points de retrait.<\/div><\/li>\n \t<br><li class=\"ace-line ace-line old-record-id-O5zLdxaWMoYEhjxgSRecBVqNnbh\" data-list=\"bullet\">\n<div>Les e-acheteurs fran\u00e7ais attendent du choix en livraison. <a href=\"https:\/\/vertone.com\/blog\/2024\/07\/29\/strategie-du-colis-hors-domicile-le-marche-des-consignes\/\" data-lark-is-custom=\"true\" target=\"_blank\" rel=\"noopener\">23 %<\/a> abandonnent leur panier faute d\u2019options adapt\u00e9es.<\/div><\/li>\n \t<br><li class=\"ace-line ace-line old-record-id-EBXldjFMYoHQ3QxMp5ickpP3n1g\" data-list=\"bullet\">\n<div>Pr\u00e9visibilit\u00e9 plut\u00f4t que vitesse. <a href=\"https:\/\/www.groupestarservice.com\/blog\/livraisons-e-commerce-des-consommateurs-de-plus-en-plus-exigeants\/\" data-lark-is-custom=\"true\" target=\"_blank\" rel=\"noopener\">86 %<\/a> des acheteurs en ligne pr\u00e9f\u00e8rent un cr\u00e9neau horaire pr\u00e9cis (ex. : 2 h) \u00e0 des livraisons non planifi\u00e9es.<\/div><\/li>\n<\/ul>\n<\/div>\t\t\t\t\t\t\t\t<\/div>\n\t\t\t\t<div class=\"elementor-element elementor-element-c0a620c elementor-widget__width-initial elementor-widget elementor-widget-image\" data-id=\"c0a620c\" data-element_type=\"widget\" data-e-type=\"widget\" data-widget_type=\"image.default\">\n\t\t\t\t\t\t\t\t\t\t\t\t\t\t\t<img decoding=\"async\" width=\"800\" height=\"534\" src=\"https:\/\/www.gofo.com\/fr\/wp-content\/uploads\/2025\/07\/E-commerce-delivery-by-GOFO-1024x683.jpg\" class=\"attachment-large size-large wp-image-15659\" alt=\"E-commerce delivery by GOFO\" srcset=\"https:\/\/www.gofo.com\/fr\/wp-content\/uploads\/2025\/07\/E-commerce-delivery-by-GOFO-1024x683.jpg 1024w, https:\/\/www.gofo.com\/fr\/wp-content\/uploads\/2025\/07\/E-commerce-delivery-by-GOFO-300x200.jpg 300w, https:\/\/www.gofo.com\/fr\/wp-content\/uploads\/2025\/07\/E-commerce-delivery-by-GOFO-768x512.jpg 768w, https:\/\/www.gofo.com\/fr\/wp-content\/uploads\/2025\/07\/E-commerce-delivery-by-GOFO-1536x1024.jpg 1536w, https:\/\/www.gofo.com\/fr\/wp-content\/uploads\/2025\/07\/E-commerce-delivery-by-GOFO-2048x1365.jpg 2048w\" sizes=\"(max-width: 800px) 100vw, 800px\" \/>\t\t\t\t\t\t\t\t\t\t\t\t\t\t\t<\/div>\n\t\t\t\t<div class=\"elementor-element elementor-element-9152c04 elementor-widget elementor-widget-heading\" data-id=\"9152c04\" data-element_type=\"widget\" data-e-type=\"widget\" data-widget_type=\"heading.default\">\n\t\t\t\t\t<h2 class=\"elementor-heading-title elementor-size-default\">Pourquoi les retailers ont besoin d\u2019une strat\u00e9gie du dernier kilom\u00e8tre solide pour les French Days<\/h2>\t\t\t\t<\/div>\n\t\t\t\t<div class=\"elementor-element elementor-element-7cca651 elementor-widget elementor-widget-heading\" data-id=\"7cca651\" data-element_type=\"widget\" data-e-type=\"widget\" data-widget_type=\"heading.default\">\n\t\t\t\t\t<h3 class=\"elementor-heading-title elementor-size-default\">Les French Days, un v\u00e9ritable test logistique<\/h3>\t\t\t\t<\/div>\n\t\t\t\t<div class=\"elementor-element elementor-element-f1e604f elementor-widget elementor-widget-text-editor\" data-id=\"f1e604f\" data-element_type=\"widget\" data-e-type=\"widget\" data-widget_type=\"text-editor.default\">\n\t\t\t\t\t\t\t\t\t<div data-page-id=\"FuModKdjZozW8OxcvjFcZBMynqe\" data-lark-html-role=\"root\" data-docx-has-block-data=\"false\"><div class=\"ace-line ace-line old-record-id-XuqsdoBvyofWFDxemX1clgzCnMc\"><div data-page-id=\"Qr6wdlwoIoAcx6xXfhacqbjbnBb\" data-lark-html-role=\"root\" data-docx-has-block-data=\"false\"><div class=\"ace-line ace-line old-record-id-RIiEd8WrYoJFJHxNEnWcG4PUnfb\">Avec la hausse des volumes de commandes, des transporteurs sous tension et des d\u00e9lais de livraison plus serr\u00e9s, les French Days mettent les syst\u00e8mes logistiques \u00e0 rude \u00e9preuve. Les enseignes qui investissent d\u00e8s maintenant dans des solutions du dernier kilom\u00e8tre robustes et \u00e9volutives seront pr\u00eates pour le Black Friday et le pic des f\u00eates.<\/div><\/div><\/div><\/div>\t\t\t\t\t\t\t\t<\/div>\n\t\t\t\t<div class=\"elementor-element elementor-element-1b3bd70 elementor-widget elementor-widget-heading\" data-id=\"1b3bd70\" data-element_type=\"widget\" data-e-type=\"widget\" data-widget_type=\"heading.default\">\n\t\t\t\t\t<h3 class=\"elementor-heading-title elementor-size-default\">R\u00e9pondre aux attentes \u00e9lev\u00e9es des clients<\/h3>\t\t\t\t<\/div>\n\t\t\t\t<div class=\"elementor-element elementor-element-11538bc elementor-widget elementor-widget-text-editor\" data-id=\"11538bc\" data-element_type=\"widget\" data-e-type=\"widget\" data-widget_type=\"text-editor.default\">\n\t\t\t\t\t\t\t\t\t<div data-page-id=\"FuModKdjZozW8OxcvjFcZBMynqe\" data-lark-html-role=\"root\" data-docx-has-block-data=\"false\"><div class=\"ace-line ace-line old-record-id-XuqsdoBvyofWFDxemX1clgzCnMc\"><div data-page-id=\"Qr6wdlwoIoAcx6xXfhacqbjbnBb\" data-lark-html-role=\"root\" data-docx-has-block-data=\"false\"><div class=\"ace-line ace-line old-record-id-TGS0dDsY0o1U6WxJLxGcJa2Rnjb\">Les e-acheteurs fran\u00e7ais veulent de la flexibilit\u00e9, des cr\u00e9neaux de livraison pr\u00e9cis et plusieurs options. S\u2019ils ne trouvent pas satisfaction, ils abandonnent rapidement leur panier. Offrir une exp\u00e9rience irr\u00e9prochable pendant les French Days permet de fid\u00e9liser et de r\u00e9duire le churn.<\/div><\/div><\/div><\/div>\t\t\t\t\t\t\t\t<\/div>\n\t\t\t\t<div class=\"elementor-element elementor-element-8c7b499 elementor-widget elementor-widget-heading\" data-id=\"8c7b499\" data-element_type=\"widget\" data-e-type=\"widget\" data-widget_type=\"heading.default\">\n\t\t\t\t\t<h3 class=\"elementor-heading-title elementor-size-default\">Ma\u00eetrise des co\u00fbts et mont\u00e9e en charge<\/h3>\t\t\t\t<\/div>\n\t\t\t\t<div class=\"elementor-element elementor-element-3f254f6 elementor-widget elementor-widget-text-editor\" data-id=\"3f254f6\" data-element_type=\"widget\" data-e-type=\"widget\" data-widget_type=\"text-editor.default\">\n\t\t\t\t\t\t\t\t\t<div data-page-id=\"FuModKdjZozW8OxcvjFcZBMynqe\" data-lark-html-role=\"root\" data-docx-has-block-data=\"false\"><div class=\"ace-line ace-line old-record-id-XuqsdoBvyofWFDxemX1clgzCnMc\"><div data-page-id=\"FuModKdjZozW8OxcvjFcZBMynqe\" data-lark-html-role=\"root\" data-docx-has-block-data=\"false\"><div class=\"ace-line ace-line old-record-id-JLYZdviD3ov5EUxO4wIcNEPtnSd\"><div data-page-id=\"Qr6wdlwoIoAcx6xXfhacqbjbnBb\" data-lark-html-role=\"root\" data-docx-has-block-data=\"false\"><div class=\"ace-line ace-line old-record-id-DdcPd8fStoFkldxRWpVcUCnXnzg\">Le dernier kilom\u00e8tre est la partie la plus co\u00fbteuse de la cha\u00eene logistique, et ses co\u00fbts explosent lors des pics. Un r\u00e9seau fiable et une strat\u00e9gie optimis\u00e9e des tourn\u00e9es permettent de contenir les d\u00e9penses tout en assurant une mont\u00e9e en puissance fluide.<\/div><\/div><\/div><\/div><\/div><\/div>\t\t\t\t\t\t\t\t<\/div>\n\t\t\t\t<div class=\"elementor-element elementor-element-8314175 elementor-widget elementor-widget-heading\" data-id=\"8314175\" data-element_type=\"widget\" data-e-type=\"widget\" data-widget_type=\"heading.default\">\n\t\t\t\t\t<h2 class=\"elementor-heading-title elementor-size-default\">Strat\u00e9gies cl\u00e9s du dernier kilom\u00e8tre pour r\u00e9ussir les French Days<\/h2>\t\t\t\t<\/div>\n\t\t\t\t<div class=\"elementor-element elementor-element-2aaa155 elementor-widget elementor-widget-text-editor\" data-id=\"2aaa155\" data-element_type=\"widget\" data-e-type=\"widget\" data-widget_type=\"text-editor.default\">\n\t\t\t\t\t\t\t\t\t<div data-page-id=\"Qr6wdlwoIoAcx6xXfhacqbjbnBb\" data-lark-html-role=\"root\" data-docx-has-block-data=\"false\"><div class=\"ace-line ace-line old-record-id-YSWBd3iu6oNMZRxtfCccXSCfnIg\"><strong>Anticiper la mont\u00e9e en charge saisonni\u00e8re <\/strong>\u2013 Utilisez des outils de pr\u00e9vision de la demande pour planifier vos \u00e9quipes, flottes et stocks, afin de r\u00e9pondre aux besoins des French Days sans surco\u00fbt.<\/div><div>\u00a0<\/div><div class=\"ace-line ace-line old-record-id-MtjQdtlLzoi1DTxzRkLcYsn8nac\"><strong>Exploiter la technologie pour une visibilit\u00e9 en temps r\u00e9el <\/strong>\u2013 Mettez en place des syst\u00e8mes de suivi et des notifications proactives (SMS\/email) pour plus de transparence, moins de demandes clients et plus de confiance.<\/div><div>\u00a0<\/div><div class=\"ace-line ace-line old-record-id-XbYidTI0eorLiexxZrncadWZnxg\"><strong>\u00c9tiquettes d\u00e9mat\u00e9rialis\u00e9es et logistique invers\u00e9e \u2013 <\/strong>simplifiez les retours avec des \u00e9tiquettes faciles, des points de d\u00e9p\u00f4t locaux et des remboursements rapides pour fid\u00e9liser vos clients apr\u00e8s l\u2019achat.<\/div><div>\u00a0<\/div><div class=\"ace-line ace-line old-record-id-LdMDd0jYgoGlhrxgpLWchsYhn8g\"><strong>Proposer des options de livraison flexibles <\/strong>\u2013 Offrez Click &amp; Collect, consignes, cr\u00e9neaux horaires planifi\u00e9s et livraison \u00e0 domicile pour r\u00e9pondre aux attentes vari\u00e9es et r\u00e9duire les \u00e9checs de livraison.<\/div><\/div>\t\t\t\t\t\t\t\t<\/div>\n\t\t\t\t<div class=\"elementor-element elementor-element-c5ff5ae elementor-widget elementor-widget-heading\" data-id=\"c5ff5ae\" data-element_type=\"widget\" data-e-type=\"widget\" data-widget_type=\"heading.default\">\n\t\t\t\t\t<h2 class=\"elementor-heading-title elementor-size-default\">GOFO : votre partenaire de confiance du dernier kilom\u00e8tre pour d\u00e9velopper votre e-commerce<\/h2>\t\t\t\t<\/div>\n\t\t\t\t<div class=\"elementor-element elementor-element-bfcfc32 elementor-widget elementor-widget-text-editor\" data-id=\"bfcfc32\" data-element_type=\"widget\" data-e-type=\"widget\" data-widget_type=\"text-editor.default\">\n\t\t\t\t\t\t\t\t\t<div data-page-id=\"Qr6wdlwoIoAcx6xXfhacqbjbnBb\" data-lark-html-role=\"root\" data-docx-has-block-data=\"false\">\n<div class=\"ace-line ace-line old-record-id-ZgHDdNvxnoUl6jxH1fDc4q57nMh\">Chez <a href=\"http:\/\/www.gofoexpress.fr\" data-lark-is-custom=\"true\" target=\"_blank\" rel=\"noopener\">GOFO<\/a>, nous livrons plus que des colis : nous faisons cro\u00eetre votre activit\u00e9 e-commerce. Avec un centre de tri d\u00e9di\u00e9 de 10 000 m\u00b2 \u00e0 Paris et 12 centres de distribution strat\u00e9giquement implant\u00e9s en France, nous assurons une couverture fiable de 60+ grandes villes, aidant les retailers \u00e0 performer pendant les French Days et toute l\u2019ann\u00e9e.<\/div>\n<div><\/div>\n<ul class=\"list-bullet1\">\n \t<br><li class=\"ace-line ace-line old-record-id-IIm9dnRshoHY5oxvuByclyJNnae\" data-list=\"bullet\">\n<div><strong>Tarifs transparents et comp\u00e9titifs <\/strong>\u2013 Pas de frais cach\u00e9s ni de mod\u00e8les tarifaires complexes, avec des prix particuli\u00e8rement attractifs.<\/div><\/li>\n \t<br><li class=\"ace-line ace-line old-record-id-XBvUddtPwo2MMfxqLy4cgUMQnqb\" data-list=\"bullet\">\n<div><strong>Technologie avanc\u00e9e &amp; int\u00e9gration fluide<\/strong> \u2013 Int\u00e9grations API ouvertes, visibilit\u00e9 compl\u00e8te de bout en bout : notifications SMS avant et apr\u00e8s livraison, suivi en temps r\u00e9el, et preuve de livraison pour chaque envoi.<\/div><\/li>\n \t<br><li class=\"ace-line ace-line old-record-id-NOKNdUk2loFGgPxYlf8cghTTnne\" data-list=\"bullet\">\n<div><strong>Fiabilit\u00e9 \u00e0 grande \u00e9chelle<\/strong> \u2013 Profitez de 3 tentatives de livraison gratuites, d\u2019un taux de ponctualit\u00e9 de 95 % et d\u2019un taux de r\u00e9ussite des livraisons de 99,5 %.<\/div><\/li>\n \t<br><li class=\"ace-line ace-line old-record-id-QRm6dkfP1oQpCNxbXjRcbjIyn0c\" data-list=\"bullet\">\n<div><strong>Support multilingue d\u00e9di\u00e9<\/strong> \u2013 R\u00e9ponse d\u2019un assistant IA en 30 secondes, assistance humaine en moins de 3 minutes, disponible 7j\/7 de 9h00 \u00e0 20h00.<\/div><\/li>\n<\/ul>\n<br><div class=\"ace-line ace-line old-record-id-Ak36d5hHtoWglfxCH88clhVUnHg\">GOFO allie couverture nationale, efficacit\u00e9 op\u00e9rationnelle et fiabilit\u00e9 de service pour offrir aux retailers un partenaire logistique de confiance, en p\u00e9riode de pic comme tout au long de l\u2019ann\u00e9e.<\/div>\n<\/div>\t\t\t\t\t\t\t\t<\/div>\n\t\t\t\t<div class=\"elementor-element elementor-element-247ae39 elementor-widget__width-initial elementor-widget elementor-widget-image\" data-id=\"247ae39\" data-element_type=\"widget\" data-e-type=\"widget\" data-widget_type=\"image.default\">\n\t\t\t\t\t\t\t\t\t\t\t\t\t\t\t\t<a href=\"https:\/\/www.gofoexpress.fr\/get-a-quote\/\" target=\"_blank\" rel=\"noopener\">\n\t\t\t\t\t\t\t<img decoding=\"async\" width=\"800\" height=\"200\" src=\"https:\/\/www.gofo.com\/fr\/wp-content\/uploads\/2025\/09\/FR_Bottom-banner_French-Days-1024x256.png\" class=\"attachment-large size-large wp-image-15691\" alt=\"\" srcset=\"https:\/\/www.gofo.com\/fr\/wp-content\/uploads\/2025\/09\/FR_Bottom-banner_French-Days-1024x256.png 1024w, https:\/\/www.gofo.com\/fr\/wp-content\/uploads\/2025\/09\/FR_Bottom-banner_French-Days-300x75.png 300w, https:\/\/www.gofo.com\/fr\/wp-content\/uploads\/2025\/09\/FR_Bottom-banner_French-Days-768x192.png 768w, https:\/\/www.gofo.com\/fr\/wp-content\/uploads\/2025\/09\/FR_Bottom-banner_French-Days-1536x384.png 1536w, https:\/\/www.gofo.com\/fr\/wp-content\/uploads\/2025\/09\/FR_Bottom-banner_French-Days-2048x512.png 2048w\" sizes=\"(max-width: 800px) 100vw, 800px\" \/>\t\t\t\t\t\t\t\t<\/a>\n\t\t\t\t\t\t\t\t\t\t\t\t\t\t\t<\/div>\n\t\t\t\t\t<\/div>\n\t\t\t\t<\/div>\n\t\t\t\t<\/div>\n\t\t","protected":false},"excerpt":{"rendered":"<p>De la Rentr\u00e9e aux French Days 2025 : une p\u00e9riode cl\u00e9 pour le e-commerce en France En septembre, la Rentr\u00e9e marque la transition entre les vacances d\u2019\u00e9t\u00e9 et les achats de rentr\u00e9e, rapidement suivie des French Days (24\u201330 septembre), l\u2019un des plus grands \u00e9v\u00e9nements de ventes en ligne en France. Durant cette p\u00e9riode, les enseignes [&hellip;]<\/p>\n","protected":false},"author":4,"featured_media":15650,"comment_status":"closed","ping_status":"open","sticky":false,"template":"","format":"standard","meta":{"_acf_changed":false,"content-type":"","footnotes":""},"categories":[54,45],"tags":[67],"class_list":["post-15674","post","type-post","status-publish","format-standard","has-post-thumbnail","hentry","category-blog","category-nouvelle","tag-blog-2"],"acf":[],"_links":{"self":[{"href":"https:\/\/www.gofo.com\/fr\/wp-json\/wp\/v2\/posts\/15674","targetHints":{"allow":["GET"]}}],"collection":[{"href":"https:\/\/www.gofo.com\/fr\/wp-json\/wp\/v2\/posts"}],"about":[{"href":"https:\/\/www.gofo.com\/fr\/wp-json\/wp\/v2\/types\/post"}],"author":[{"embeddable":true,"href":"https:\/\/www.gofo.com\/fr\/wp-json\/wp\/v2\/users\/4"}],"replies":[{"embeddable":true,"href":"https:\/\/www.gofo.com\/fr\/wp-json\/wp\/v2\/comments?post=15674"}],"version-history":[{"count":0,"href":"https:\/\/www.gofo.com\/fr\/wp-json\/wp\/v2\/posts\/15674\/revisions"}],"wp:featuredmedia":[{"embeddable":true,"href":"https:\/\/www.gofo.com\/fr\/wp-json\/wp\/v2\/media\/15650"}],"wp:attachment":[{"href":"https:\/\/www.gofo.com\/fr\/wp-json\/wp\/v2\/media?parent=15674"}],"wp:term":[{"taxonomy":"category","embeddable":true,"href":"https:\/\/www.gofo.com\/fr\/wp-json\/wp\/v2\/categories?post=15674"},{"taxonomy":"post_tag","embeddable":true,"href":"https:\/\/www.gofo.com\/fr\/wp-json\/wp\/v2\/tags?post=15674"}],"curies":[{"name":"wp","href":"https:\/\/api.w.org\/{rel}","templated":true}]}}